{"id":14627,"date":"2021-10-28T17:41:00","date_gmt":"2021-10-28T15:41:00","guid":{"rendered":"https:\/\/www.judo-club-linden.de\/?p=14627"},"modified":"2021-10-28T17:41:00","modified_gmt":"2021-10-28T15:41:00","slug":"kirchheim-2021-rueckblick-und-ausblick","status":"publish","type":"post","link":"https:\/\/www.judo-club-linden.de\/?p=14627","title":{"rendered":"Kirchheim 2021 &#8211; R\u00fcckblick und Ausblick"},"content":{"rendered":"\n<p class=\"has-drop-cap\">Kirchheim 2021 &#8211; \u00c4gypten und die Pharaonen<\/p>\n\n\n\n<p>Nach Monaten des Wartens war es dann endlich soweit &#8211; Die Abfahrt zur Kinder- und Jugendfreizeit ins sch\u00f6ne Kn\u00fcllgebirge konnte starten. Dieses war f\u00fcr alle eine riesen Erleichterung, denn die offizielle Anmeldung mit Planung konnte aufgrund der Corona-Pandemie erst wenige Wochen vor Abfahrt beginnen. Auch wenn bei der Anmeldung nicht immer alles reibungslos verlief, k\u00f6nnen wir diese Sachen n\u00e4chstes Jahr besser machen! Doch nun zum Eigentlichen&#8230;<\/p>\n\n\n\n<p>Mit 45 Personen starteten wir in einem hochmodernen Bus Richtung Eisenberg. Die Fahrt verlief ohne Probleme und dort angekommen, wurden wir von den vorgereisten Trainern herzlich begr\u00fc\u00dft. Nachdem alle ihr Koffer ausgepackt, die Betten bezogen und waldtaugliche Kleidung angezogen hatten, zogen wir zum Lagerrundgang los und besorgten am Ende direkt ordentlich Feuerholz, um am Abend die Freizeit bei einem gro\u00dfen gemeinsamen Lagerfeuer einzuweihen. Als alle beim Lagerfeuer waren, dieses angez\u00fcndet wurde und alle 45 Personen gespannt ins Feuer blickten, besuchte uns zum ersten Mal der PharaOlli und stellte uns die Aufgaben f\u00fcr die kommende Woche vor&#8230;<\/p>\n\n\n\n<p>Im Laufe der Woche erwarteten uns viele Aufgaben, welche uns der PharaOlli auferlegt hatte. Neben dem Erlernen von Hieroglyphen, der Nachtsuche nach goldenen Artefakten, dem T\u00f6pfern von Opfergaben f\u00fcr Rar und Isis, einem \u00e4gyptischen Kutschenrennen (bei dem sogar der PharaOlli h\u00f6chstpers\u00f6nlich mitmachte) und dem Bau von Pyramiden, standen noch viele weitere Highlights auf dem Plan.<\/p>\n\n\n\n<p>Es wurde viel gebastelt, Gesellschaftsspiele gespielt, es gab wahre Zombieball-Extreme-Schlachten in der Halle, Ausfl\u00fcge in den Wald zum Holzholen und Capture the flag spielen, eine Wanderung nach Oberaula, Marshmallow grillen am Lagerfeuer, Stockbrotmachen und nat\u00fcrlich gab es wieder die klassischen Turniere.<\/p>\n\n\n\n<p>Und, wie jedes Jahr, haben wir wieder einen Baum eingepflanzt und schauen uns im n\u00e4chsten Jahr an, was aus diesem geworden ist.<\/p>\n\n\n\n<div style=\"height:20px\" aria-hidden=\"true\" class=\"wp-block-spacer\"><\/div>\n\n\n\n<p class=\"has-text-align-center\"><strong>\u00dcbrigens&#8230; haltet euch unbedingt den Termin f\u00fcr die Kirchheimfreizeit 2022 frei. <\/strong><br><strong>Wir fahren wieder in der ersten Ferienwoche:<\/strong><\/p>\n\n\n\n<p class=\"has-text-align-center\"><strong>15.10.2022 &#8211; 22.10.2022<\/strong><\/p>\n\n\n\n<div style=\"height:20px\" aria-hidden=\"true\" class=\"wp-block-spacer\"><\/div>\n\n\n\n<p>Das neue Motto wird Anfang des n\u00e4chsten Jahres bekannt gegeben.<\/p>\n\n\n\n<p>Und nun seht selbst &#8211; ein paar Impressionen unserer Woche&#8230;<\/p>\n\n\n\n<div style=\"height:20px\" aria-hidden=\"true\" class=\"wp-block-spacer\"><\/div>\n\n\n\n<div class=\"wp-block-buttons is-layout-flex wp-block-buttons-is-layout-flex\">\n<div class=\"wp-block-button\"><a class=\"wp-block-button__link\" href=\"https:\/\/my.hidrive.com\/share\/arzudp0d3k\" target=\"_blank\" rel=\"noreferrer noopener\">Hier geht&#8217;s zur Bildergalerie<\/a><\/div>\n<\/div>\n","protected":false},"excerpt":{"rendered":"<p>Kirchheim 2021 &#8211; \u00c4gypten und die Pharaonen Nach Monaten des Wartens war es dann endlich soweit &#8211; Die Abfahrt zur Kinder- und Jugendfreizeit ins sch\u00f6ne Kn\u00fcllgebirge konnte starten. Dieses war [&hellip;]<\/p>\n","protected":false},"author":9,"featured_media":14650,"comment_status":"closed","ping_status":"","sticky":false,"template":"","format":"standard","meta":{"footnotes":""},"categories":[14,18],"tags":[],"class_list":["post-14627","post","type-post","status-publish","format-standard","has-post-thumbnail","hentry","category-freizeit","category-kirchheim"],"_links":{"self":[{"href":"https:\/\/www.judo-club-linden.de\/index.php?rest_route=\/wp\/v2\/posts\/14627","targetHints":{"allow":["GET"]}}],"collection":[{"href":"https:\/\/www.judo-club-linden.de\/index.php?rest_route=\/wp\/v2\/posts"}],"about":[{"href":"https:\/\/www.judo-club-linden.de\/index.php?rest_route=\/wp\/v2\/types\/post"}],"author":[{"embeddable":true,"href":"https:\/\/www.judo-club-linden.de\/index.php?rest_route=\/wp\/v2\/users\/9"}],"replies":[{"embeddable":true,"href":"https:\/\/www.judo-club-linden.de\/index.php?rest_route=%2Fwp%2Fv2%2Fcomments&post=14627"}],"version-history":[{"count":18,"href":"https:\/\/www.judo-club-linden.de\/index.php?rest_route=\/wp\/v2\/posts\/14627\/revisions"}],"predecessor-version":[{"id":16364,"href":"https:\/\/www.judo-club-linden.de\/index.php?rest_route=\/wp\/v2\/posts\/14627\/revisions\/16364"}],"wp:featuredmedia":[{"embeddable":true,"href":"https:\/\/www.judo-club-linden.de\/index.php?rest_route=\/wp\/v2\/media\/14650"}],"wp:attachment":[{"href":"https:\/\/www.judo-club-linden.de\/index.php?rest_route=%2Fwp%2Fv2%2Fmedia&parent=14627"}],"wp:term":[{"taxonomy":"category","embeddable":true,"href":"https:\/\/www.judo-club-linden.de\/index.php?rest_route=%2Fwp%2Fv2%2Fcategories&post=14627"},{"taxonomy":"post_tag","embeddable":true,"href":"https:\/\/www.judo-club-linden.de\/index.php?rest_route=%2Fwp%2Fv2%2Ftags&post=14627"}],"curies":[{"name":"wp","href":"https:\/\/api.w.org\/{rel}","templated":true}]}}