{"id":16576,"date":"2023-03-12T16:34:13","date_gmt":"2023-03-12T15:34:13","guid":{"rendered":"https:\/\/www.judo-club-linden.de\/?p=16576"},"modified":"2023-03-12T16:34:13","modified_gmt":"2023-03-12T15:34:13","slug":"zusammen-fuer-den-jc-linden","status":"publish","type":"post","link":"https:\/\/www.judo-club-linden.de\/?p=16576","title":{"rendered":"Zusammen f\u00fcr den JC-Linden!"},"content":{"rendered":"\n<div style=\"height:15px\" aria-hidden=\"true\" class=\"wp-block-spacer\"><\/div>\n\n\n\n<p class=\"has-text-align-center\">Am Montag, den 27.03.2023 er\u00f6ffnet am Standort des ehemaligen Real-Marktes in Linden das neue EDEKA-Center Wucherpfennig. EDEKA hat mehrere \u00f6rtliche Vereine kontaktiert, die nun die M\u00f6glichkeit haben im ersten Monat nach der Er\u00f6ffnung an der Rabatt-Aktion <strong>\u201eGemeinsam f\u00fcr Ihren Verein\u201c <\/strong>teilzunehmen. <\/p>\n\n\n\n<p class=\"has-text-align-center\">Wir dachten uns: Warum nicht? Eine Win-Win-Situation f\u00fcr Euch und uns!<\/p>\n\n\n\n<div style=\"height:15px\" aria-hidden=\"true\" class=\"wp-block-spacer\"><\/div>\n\n\n\n<p class=\"has-text-align-center\"><em><strong><a href=\"https:\/\/www.judo-club-linden.de\/wp-content\/uploads\/2023\/03\/Edeka_JCL.pdf\" data-type=\"URL\" data-id=\"https:\/\/www.judo-club-linden.de\/wp-content\/uploads\/2023\/03\/Edeka_JCL.pdf\" target=\"_blank\" rel=\"noreferrer noopener\">Poster-Download f\u00fcr bessere Qualit\u00e4t des Rabatt-Codes<\/a><\/strong><\/em><\/p>\n\n\n\n<div style=\"height:15px\" aria-hidden=\"true\" class=\"wp-block-spacer\"><\/div>\n\n\n\n<p class=\"has-text-align-center\">Also viel Spa\u00df beim Einkaufen!<\/p>\n\n\n\n<div style=\"height:15px\" aria-hidden=\"true\" class=\"wp-block-spacer\"><\/div>\n\n\n\n<figure class=\"wp-block-image size-large\"><img loading=\"lazy\" decoding=\"async\" width=\"1024\" height=\"511\" src=\"https:\/\/www.judo-club-linden.de\/wp-content\/uploads\/2023\/03\/hp_code-1024x511.png\" alt=\"\" class=\"wp-image-16581\" srcset=\"https:\/\/www.judo-club-linden.de\/wp-content\/uploads\/2023\/03\/hp_code-1024x511.png 1024w, https:\/\/www.judo-club-linden.de\/wp-content\/uploads\/2023\/03\/hp_code-300x150.png 300w, https:\/\/www.judo-club-linden.de\/wp-content\/uploads\/2023\/03\/hp_code-768x383.png 768w, https:\/\/www.judo-club-linden.de\/wp-content\/uploads\/2023\/03\/hp_code.png 1236w\" sizes=\"auto, (max-width: 1024px) 100vw, 1024px\" \/><\/figure>\n","protected":false},"excerpt":{"rendered":"<p>Am Montag, den 27.03.2023 er\u00f6ffnet am Standort des ehemaligen Real-Marktes in Linden das neue EDEKA-Center Wucherpfennig. EDEKA hat mehrere \u00f6rtliche Vereine kontaktiert, die nun die M\u00f6glichkeit haben im ersten Monat [&hellip;]<\/p>\n","protected":false},"author":7,"featured_media":16580,"comment_status":"closed","ping_status":"","sticky":false,"template":"","format":"standard","meta":{"footnotes":""},"categories":[9,23],"tags":[],"class_list":["post-16576","post","type-post","status-publish","format-standard","has-post-thumbnail","hentry","category-allgemein","category-presse"],"_links":{"self":[{"href":"https:\/\/www.judo-club-linden.de\/index.php?rest_route=\/wp\/v2\/posts\/16576","targetHints":{"allow":["GET"]}}],"collection":[{"href":"https:\/\/www.judo-club-linden.de\/index.php?rest_route=\/wp\/v2\/posts"}],"about":[{"href":"https:\/\/www.judo-club-linden.de\/index.php?rest_route=\/wp\/v2\/types\/post"}],"author":[{"embeddable":true,"href":"https:\/\/www.judo-club-linden.de\/index.php?rest_route=\/wp\/v2\/users\/7"}],"replies":[{"embeddable":true,"href":"https:\/\/www.judo-club-linden.de\/index.php?rest_route=%2Fwp%2Fv2%2Fcomments&post=16576"}],"version-history":[{"count":9,"href":"https:\/\/www.judo-club-linden.de\/index.php?rest_route=\/wp\/v2\/posts\/16576\/revisions"}],"predecessor-version":[{"id":16589,"href":"https:\/\/www.judo-club-linden.de\/index.php?rest_route=\/wp\/v2\/posts\/16576\/revisions\/16589"}],"wp:featuredmedia":[{"embeddable":true,"href":"https:\/\/www.judo-club-linden.de\/index.php?rest_route=\/wp\/v2\/media\/16580"}],"wp:attachment":[{"href":"https:\/\/www.judo-club-linden.de\/index.php?rest_route=%2Fwp%2Fv2%2Fmedia&parent=16576"}],"wp:term":[{"taxonomy":"category","embeddable":true,"href":"https:\/\/www.judo-club-linden.de\/index.php?rest_route=%2Fwp%2Fv2%2Fcategories&post=16576"},{"taxonomy":"post_tag","embeddable":true,"href":"https:\/\/www.judo-club-linden.de\/index.php?rest_route=%2Fwp%2Fv2%2Ftags&post=16576"}],"curies":[{"name":"wp","href":"https:\/\/api.w.org\/{rel}","templated":true}]}}