{"id":17299,"date":"2025-12-12T21:43:18","date_gmt":"2025-12-12T20:43:18","guid":{"rendered":"https:\/\/www.judo-club-linden.de\/?p=17299"},"modified":"2025-12-12T21:43:18","modified_gmt":"2025-12-12T20:43:18","slug":"erfolgreiche-guertelpruefungen-zum-jahresende","status":"publish","type":"post","link":"https:\/\/www.judo-club-linden.de\/?p=17299","title":{"rendered":"Erfolgreiche G\u00fcrtelpr\u00fcfungen zum Jahresende!"},"content":{"rendered":"\n<p>In dieser Woche war es wieder so weit: Mehrere Kinder aus unserem Judoverein haben eine G\u00fcrtelpr\u00fcfung abgelegt \u2013 und das mit gro\u00dfem Erfolg! Alle Pr\u00fcflinge haben gezeigt, wie intensiv sie sich \u00fcber lange Zeit vorbereitet haben und mit wie viel Flei\u00df, Konzentration und Durchhalteverm\u00f6gen sie im Training dabei waren. Das habt ihr richtig toll gemacht!<\/p>\n\n\n\n<p>Eine G\u00fcrtelpr\u00fcfung im Judo ist etwas ganz Besonderes. Anders als in vielen anderen Sportarten wird hier der pers\u00f6nliche Fortschritt sichtbar \u2013 mit einem neuen G\u00fcrtel, der f\u00fcr Mut, Einsatz und viele Trainingsstunden steht. Denn zu einer Pr\u00fcfung geh\u00f6rt nicht nur Technik, sondern auch jede Menge Mut, sich vor anderen zu zeigen und das Gelernte abzurufen.<\/p>\n\n\n\n<figure class=\"wp-block-image size-large is-resized\"><img loading=\"lazy\" decoding=\"async\" width=\"1024\" height=\"771\" src=\"https:\/\/www.judo-club-linden.de\/wp-content\/uploads\/2025\/12\/PXL_20251210_180600669-1024x771.jpg\" alt=\"\" class=\"wp-image-17301\" style=\"width:655px;height:auto\" srcset=\"https:\/\/www.judo-club-linden.de\/wp-content\/uploads\/2025\/12\/PXL_20251210_180600669-1024x771.jpg 1024w, https:\/\/www.judo-club-linden.de\/wp-content\/uploads\/2025\/12\/PXL_20251210_180600669-300x226.jpg 300w, https:\/\/www.judo-club-linden.de\/wp-content\/uploads\/2025\/12\/PXL_20251210_180600669-768x578.jpg 768w, https:\/\/www.judo-club-linden.de\/wp-content\/uploads\/2025\/12\/PXL_20251210_180600669-1536x1157.jpg 1536w, https:\/\/www.judo-club-linden.de\/wp-content\/uploads\/2025\/12\/PXL_20251210_180600669-2048x1542.jpg 2048w\" sizes=\"auto, (max-width: 1024px) 100vw, 1024px\" \/><\/figure>\n\n\n\n<p>Nat\u00fcrlich hei\u00dft ein neuer G\u00fcrtel nicht, dass jetzt schon alles perfekt sitzt \u2013 aber genau darum geht es im Judo ja auch nicht. Viel wichtiger ist: dranbleiben, weiter neugierig lernen und Schritt f\u00fcr Schritt besser werden. Wir sind stolz auf euch und freuen uns auf euren weiteren Weg auf der Matte!<\/p>\n\n\n\n<p>Euer Trainerteam<\/p>\n\n\n\n<hr class=\"wp-block-separator has-alpha-channel-opacity\"\/>\n\n\n\n<h3 class=\"wp-block-heading\"><strong>Bestandene Pr\u00fcfungen \u2013 Herzlichen Gl\u00fcckwunsch!<\/strong><\/h3>\n\n\n\n<p><strong>8. Kyu \u2013 wei\u00df-gelber Gurt<\/strong><\/p>\n\n\n\n<ul class=\"wp-block-list\">\n<li>Sarah-Lisa<\/li>\n\n\n\n<li>Penelope<\/li>\n\n\n\n<li>Henrik<\/li>\n<\/ul>\n\n\n\n<p><strong>7. Kyu \u2013 gelber Gurt<\/strong><\/p>\n\n\n\n<ul class=\"wp-block-list\">\n<li>Lennart<\/li>\n\n\n\n<li>Olivia Dorothea<\/li>\n\n\n\n<li>Lea-Marie<\/li>\n\n\n\n<li>Emil<\/li>\n\n\n\n<li>Leo<\/li>\n\n\n\n<li>Nils<\/li>\n\n\n\n<li>Nias<\/li>\n\n\n\n<li>Theo<\/li>\n\n\n\n<li>David<\/li>\n\n\n\n<li>Jonna<\/li>\n\n\n\n<li>Castiel<\/li>\n\n\n\n<li>Chenrui<\/li>\n\n\n\n<li>Aynur<\/li>\n<\/ul>\n\n\n\n<p><strong>6. Kyu \u2013 gelb-oranger Gurt<\/strong><\/p>\n\n\n\n<ul class=\"wp-block-list\">\n<li>Natalia<\/li>\n\n\n\n<li>Jonna<\/li>\n\n\n\n<li>Jano<\/li>\n\n\n\n<li>Benjamin<\/li>\n\n\n\n<li>Elias<\/li>\n<\/ul>\n\n\n\n<p><strong>5. Kyu \u2013 oranger Gurt<\/strong><\/p>\n\n\n\n<ul class=\"wp-block-list\">\n<li>Lukas<\/li>\n\n\n\n<li>Livia<\/li>\n\n\n\n<li>Jakob<\/li>\n\n\n\n<li>Kilian<\/li>\n\n\n\n<li>Janosch<\/li>\n\n\n\n<li>Felix<\/li>\n<\/ul>\n\n\n\n<p><strong>4. Kyu \u2013 orange-gr\u00fcner Gurt<\/strong><\/p>\n\n\n\n<ul class=\"wp-block-list\">\n<li>Nils K.<\/li>\n<\/ul>\n\n\n\n<figure class=\"wp-block-image size-large\"><img loading=\"lazy\" decoding=\"async\" width=\"1024\" height=\"768\" src=\"https:\/\/www.judo-club-linden.de\/wp-content\/uploads\/2025\/12\/IMG-20251212-WA0010-1024x768.jpg\" alt=\"\" class=\"wp-image-17300\" srcset=\"https:\/\/www.judo-club-linden.de\/wp-content\/uploads\/2025\/12\/IMG-20251212-WA0010-1024x768.jpg 1024w, https:\/\/www.judo-club-linden.de\/wp-content\/uploads\/2025\/12\/IMG-20251212-WA0010-300x225.jpg 300w, https:\/\/www.judo-club-linden.de\/wp-content\/uploads\/2025\/12\/IMG-20251212-WA0010-768x576.jpg 768w, https:\/\/www.judo-club-linden.de\/wp-content\/uploads\/2025\/12\/IMG-20251212-WA0010-1536x1152.jpg 1536w, https:\/\/www.judo-club-linden.de\/wp-content\/uploads\/2025\/12\/IMG-20251212-WA0010.jpg 2048w\" sizes=\"auto, (max-width: 1024px) 100vw, 1024px\" \/><\/figure>\n","protected":false},"excerpt":{"rendered":"<p>In dieser Woche war es wieder so weit: Mehrere Kinder aus unserem Judoverein haben eine G\u00fcrtelpr\u00fcfung abgelegt \u2013 und das mit gro\u00dfem Erfolg! Alle Pr\u00fcflinge haben gezeigt, wie intensiv sie [&hellip;]<\/p>\n","protected":false},"author":9,"featured_media":17300,"comment_status":"closed","ping_status":"","sticky":false,"template":"","format":"standard","meta":{"footnotes":""},"categories":[44],"tags":[],"class_list":["post-17299","post","type-post","status-publish","format-standard","has-post-thumbnail","hentry","category-pruefung"],"_links":{"self":[{"href":"https:\/\/www.judo-club-linden.de\/index.php?rest_route=\/wp\/v2\/posts\/17299","targetHints":{"allow":["GET"]}}],"collection":[{"href":"https:\/\/www.judo-club-linden.de\/index.php?rest_route=\/wp\/v2\/posts"}],"about":[{"href":"https:\/\/www.judo-club-linden.de\/index.php?rest_route=\/wp\/v2\/types\/post"}],"author":[{"embeddable":true,"href":"https:\/\/www.judo-club-linden.de\/index.php?rest_route=\/wp\/v2\/users\/9"}],"replies":[{"embeddable":true,"href":"https:\/\/www.judo-club-linden.de\/index.php?rest_route=%2Fwp%2Fv2%2Fcomments&post=17299"}],"version-history":[{"count":1,"href":"https:\/\/www.judo-club-linden.de\/index.php?rest_route=\/wp\/v2\/posts\/17299\/revisions"}],"predecessor-version":[{"id":17302,"href":"https:\/\/www.judo-club-linden.de\/index.php?rest_route=\/wp\/v2\/posts\/17299\/revisions\/17302"}],"wp:featuredmedia":[{"embeddable":true,"href":"https:\/\/www.judo-club-linden.de\/index.php?rest_route=\/wp\/v2\/media\/17300"}],"wp:attachment":[{"href":"https:\/\/www.judo-club-linden.de\/index.php?rest_route=%2Fwp%2Fv2%2Fmedia&parent=17299"}],"wp:term":[{"taxonomy":"category","embeddable":true,"href":"https:\/\/www.judo-club-linden.de\/index.php?rest_route=%2Fwp%2Fv2%2Fcategories&post=17299"},{"taxonomy":"post_tag","embeddable":true,"href":"https:\/\/www.judo-club-linden.de\/index.php?rest_route=%2Fwp%2Fv2%2Ftags&post=17299"}],"curies":[{"name":"wp","href":"https:\/\/api.w.org\/{rel}","templated":true}]}}