{"id":1884,"date":"2020-10-23T20:51:37","date_gmt":"2020-10-23T18:51:37","guid":{"rendered":"https:\/\/www.judo-club-linden.de\/?p=1884"},"modified":"2021-01-18T08:17:42","modified_gmt":"2021-01-18T07:17:42","slug":"svenja-jonas-und-maxi-als-neue-assistenz-trainer-in-ausgebildet","status":"publish","type":"post","link":"https:\/\/www.judo-club-linden.de\/?p=1884","title":{"rendered":"Svenja, Jonas und Maxi als neue Assistenz-Trainer\/in ausgebildet!"},"content":{"rendered":"\n<p><strong>Svenja, Jonas und Maxi haben sich in den Ferien nicht nur erholt, sondern f\u00fcr sich und unseren Judoverein ordentlich geklotzt. Die drei nahmen an dem ersten Lehrgang seit Beginn der Corona-Pandemie teil und haben die Assistenz-Grundausbildung mit Bravour und Auszeichnung bestanden.<\/strong><\/p>\n\n\n\n<p><strong>Der Judo-Club Linden ist sehr stolz auf euch und dankbar, dass ihr mit so viel Motivation dem Judosport verbunden seid und dieses auch an unsere Mitglieder weitergeben wollt! Wir alle freuen uns auf die Wochen nach den Ferien, wo ihr uns mit tollem Training begeistern werdet!<\/strong><\/p>\n\n\n\n<p><strong>Der Vorstand des JCL<\/strong><\/p>\n\n\n\n<p><span class=\"has-inline-color has-black-color\">Und nun folgt der Artikel vom NJV \u00fcber den Lehrgang:<\/span><\/p>\n\n\n\n<p><em>Vom 10.10.2020 bis zum 13.10.2020 fand die Assistenztrainer-Ausbildung des NJV unter der Leitung von Svenja Liermann und Daniel Deppe in Hannover statt. Bedingt durch die aktuelle Situation konnten nur 18 Sportler unter strengen Corona-Regeln teilnehmen. Die Teilnehmerzusammensetzung ergab eine sehr homogene Gruppe, die au\u00dferordentlich konzentriert auf der Matte arbeitete.<\/em><\/p>\n\n\n\n<p><em>In der ersten Einheit wurden zahlreiche Kennenlern- und Teamspiele gespielt. Laut Aussage der Teilnehmer war dies die anstrengendste Einheit. Der dadurch aufkommende Muskelkater hielt \u00fcber die gesamte Ausbildung an. Nachdem die beidbeinigen Techniken, die Bodeneinheit und die Fu\u00dftechniken abgeschlossen waren, gab es eine Trainingseinheit mit dem Landeskadertrainer Gottfried Burucker. Gottfried erkl\u00e4rte der Gruppe, die er direkt auf Augenh\u00f6he empfing, wie sich ein Judoka auf der Matte bewegt. Nach Gottfrieds Einheit hatten die Judoka noch das Thema Werfen aus der Bewegung und Fall\u00fcbungen vor sich. Der Komplex \u201eJudo in Bewegung\u201c konnte direkt an Gottfrieds Einheit anschlie\u00dfen. Abgeschlossen wurde der Lehrgang mit zahlreichen Randoris und Spielen. Auch neben der Matte war der Spa\u00dffaktor sehr hoch und sorgte f\u00fcr eine optimale Mischung aus Lehre und Vergn\u00fcgen. Am gemeinsamen Abschlussabend spielten die Referenten mit den Teilnehmern drau\u00dfen traditionell das Spiel \u201eA zerlatschen\u201c, was f\u00fcr gro\u00dfe Begeisterung sorgte.<\/em><\/p>\n\n\n\n<p><em>Im Fokus der Assistenztrainer-Ausbildung steht insbesondere die Arbeit am Bewegungsbild der Judoka. Wie k\u00f6nnen kindergerechte Techniken und \u00dcbungen vermittelt werden? Wie gibt man am besten Hilfestellungen? Diese Fragen sollen im Rahmen des Lehrgangs vordergr\u00fcndig beantwortet werden, um die Vereine mit gut ausgebildeten (Nachwuchs-)Trainern zu unterst\u00fctzen.<\/em><\/p>\n\n\n\n<p><em>Dabei sollen drei Ziele erreicht werden:<\/em><\/p>\n\n\n\n<ul class=\"wp-block-list\"><li><em>Die intensive Auseinandersetzung mit der Judotechnik anregen<\/em><\/li><li><em>erste Versuche im Unterrichten (Auf- und Abw\u00e4rmen, Fall\u00fcbungen) erl\u00e4utern<\/em><\/li><li><em>Spa\u00df und Begeisterung f\u00fcr Judo und Vereinsarbeit wecken und erhalten.<\/em><\/li><\/ul>\n\n\n\n<p><\/p>\n","protected":false},"excerpt":{"rendered":"<p>Svenja, Jonas und Maxi haben sich in den Ferien nicht nur erholt, sondern f\u00fcr sich und unseren Judoverein ordentlich geklotzt. Die drei nahmen an dem ersten Lehrgang seit Beginn der [&hellip;]<\/p>\n","protected":false},"author":9,"featured_media":691,"comment_status":"closed","ping_status":"closed","sticky":false,"template":"","format":"standard","meta":{"footnotes":""},"categories":[23,24],"tags":[],"class_list":["post-1884","post","type-post","status-publish","format-standard","has-post-thumbnail","hentry","category-presse","category-training"],"_links":{"self":[{"href":"https:\/\/www.judo-club-linden.de\/index.php?rest_route=\/wp\/v2\/posts\/1884","targetHints":{"allow":["GET"]}}],"collection":[{"href":"https:\/\/www.judo-club-linden.de\/index.php?rest_route=\/wp\/v2\/posts"}],"about":[{"href":"https:\/\/www.judo-club-linden.de\/index.php?rest_route=\/wp\/v2\/types\/post"}],"author":[{"embeddable":true,"href":"https:\/\/www.judo-club-linden.de\/index.php?rest_route=\/wp\/v2\/users\/9"}],"replies":[{"embeddable":true,"href":"https:\/\/www.judo-club-linden.de\/index.php?rest_route=%2Fwp%2Fv2%2Fcomments&post=1884"}],"version-history":[{"count":5,"href":"https:\/\/www.judo-club-linden.de\/index.php?rest_route=\/wp\/v2\/posts\/1884\/revisions"}],"predecessor-version":[{"id":1890,"href":"https:\/\/www.judo-club-linden.de\/index.php?rest_route=\/wp\/v2\/posts\/1884\/revisions\/1890"}],"wp:featuredmedia":[{"embeddable":true,"href":"https:\/\/www.judo-club-linden.de\/index.php?rest_route=\/wp\/v2\/media\/691"}],"wp:attachment":[{"href":"https:\/\/www.judo-club-linden.de\/index.php?rest_route=%2Fwp%2Fv2%2Fmedia&parent=1884"}],"wp:term":[{"taxonomy":"category","embeddable":true,"href":"https:\/\/www.judo-club-linden.de\/index.php?rest_route=%2Fwp%2Fv2%2Fcategories&post=1884"},{"taxonomy":"post_tag","embeddable":true,"href":"https:\/\/www.judo-club-linden.de\/index.php?rest_route=%2Fwp%2Fv2%2Ftags&post=1884"}],"curies":[{"name":"wp","href":"https:\/\/api.w.org\/{rel}","templated":true}]}}