{"id":2104,"date":"2021-03-04T20:04:20","date_gmt":"2021-03-04T19:04:20","guid":{"rendered":"https:\/\/www.judo-club-linden.de\/?p=2104"},"modified":"2021-03-04T20:04:22","modified_gmt":"2021-03-04T19:04:22","slug":"kirchheimfreizeit-2021","status":"publish","type":"post","link":"https:\/\/www.judo-club-linden.de\/?p=2104","title":{"rendered":"Kirchheimfreizeit 2021"},"content":{"rendered":"\n<p>Liebe Judoka,<br>liebe Vereinsmitglieder,<br>liebe Freunde\/innen des Vereins und<br>liebe Freunde\/innen der Kirchheimfreizeiten,<\/p>\n\n\n\n<p>wir m\u00f6chten euch bez\u00fcglich der Kirchheimfreizeit f\u00fcr das Jahr 2021 \u00fcber folgende Sachlage informieren:<\/p>\n\n\n\n<p>Wie sagt man so sch\u00f6n: <strong>Die Hoffnung stirbt zuletzt!<\/strong><br><br>Niemand kann aktuell sagen, ob eine Ferienfreizeit in diesem Jahr m\u00f6glich sein wird. ABER wir haben dennoch vorsorglich unser Geh\u00f6ft ganz oben am Eisenberg reserviert. Wenn eine Freizeit, unter welchen Umst\u00e4nden auch immer, zustande kommen sollte, dann in folgendem Zeitraum, welchen ihr euch gerne in den Kalender eintragen k\u00f6nnt:<\/p>\n\n\n\n<p><strong>Kirchheim 2021: 16.10. &#8211; 23.10.2021<\/strong><\/p>\n\n\n\n<p>Allerdings wird es wahrscheinlich so sein, dass wir erst zu Zeiten der Sommerferien oder kurz danach die weiteren Schritte, wie die Anmeldung etc., mit euch gehen werden. Habt also Geduld &#8211; ihr k\u00f6nnt uns aber gerne jederzeit dazu ansprechen. <br>Jedoch werden wir NUR eine Fahrt nach Kirchheim mit euch antreten, wenn daf\u00fcr gesorgt ist, dass alle Hygienema\u00dfnahmen umgesetzt werden k\u00f6nnen und f\u00fcr niemanden eine erh\u00f6hte Gesundheitsgefahr besteht.<\/p>\n\n\n\n<p><strong>Sollte es irgendwie m\u00f6glich sein, eine Freizeit durchzuf\u00fchren &#8211; glaubt uns &#8211; wir werden alles M\u00f6gliche daf\u00fcr in Gang setzen!<\/strong> <\/p>\n\n\n\n<p>Doch habt auch bitte Geduld und Verst\u00e4ndnis daf\u00fcr, dass wir wahrscheinlich bis sechs Wochen vor Abreise keine genaueren Aussagen treffen k\u00f6nnen!<\/p>\n\n\n\n<div style=\"height:33px\" aria-hidden=\"true\" class=\"wp-block-spacer\"><\/div>\n\n\n\n<p>Bleibt gesund, bleibt Judo!<\/p>\n\n\n\n<p>Euer Judo-Club Linden e.V.<\/p>\n","protected":false},"excerpt":{"rendered":"<p>Liebe Judoka,liebe Vereinsmitglieder,liebe Freunde\/innen des Vereins undliebe Freunde\/innen der Kirchheimfreizeiten, wir m\u00f6chten euch bez\u00fcglich der Kirchheimfreizeit f\u00fcr das Jahr 2021 \u00fcber folgende Sachlage informieren: Wie sagt man so sch\u00f6n: Die [&hellip;]<\/p>\n","protected":false},"author":9,"featured_media":1424,"comment_status":"closed","ping_status":"closed","sticky":false,"template":"","format":"standard","meta":{"footnotes":""},"categories":[18],"tags":[],"class_list":["post-2104","post","type-post","status-publish","format-standard","has-post-thumbnail","hentry","category-kirchheim"],"_links":{"self":[{"href":"https:\/\/www.judo-club-linden.de\/index.php?rest_route=\/wp\/v2\/posts\/2104","targetHints":{"allow":["GET"]}}],"collection":[{"href":"https:\/\/www.judo-club-linden.de\/index.php?rest_route=\/wp\/v2\/posts"}],"about":[{"href":"https:\/\/www.judo-club-linden.de\/index.php?rest_route=\/wp\/v2\/types\/post"}],"author":[{"embeddable":true,"href":"https:\/\/www.judo-club-linden.de\/index.php?rest_route=\/wp\/v2\/users\/9"}],"replies":[{"embeddable":true,"href":"https:\/\/www.judo-club-linden.de\/index.php?rest_route=%2Fwp%2Fv2%2Fcomments&post=2104"}],"version-history":[{"count":7,"href":"https:\/\/www.judo-club-linden.de\/index.php?rest_route=\/wp\/v2\/posts\/2104\/revisions"}],"predecessor-version":[{"id":2125,"href":"https:\/\/www.judo-club-linden.de\/index.php?rest_route=\/wp\/v2\/posts\/2104\/revisions\/2125"}],"wp:featuredmedia":[{"embeddable":true,"href":"https:\/\/www.judo-club-linden.de\/index.php?rest_route=\/wp\/v2\/media\/1424"}],"wp:attachment":[{"href":"https:\/\/www.judo-club-linden.de\/index.php?rest_route=%2Fwp%2Fv2%2Fmedia&parent=2104"}],"wp:term":[{"taxonomy":"category","embeddable":true,"href":"https:\/\/www.judo-club-linden.de\/index.php?rest_route=%2Fwp%2Fv2%2Fcategories&post=2104"},{"taxonomy":"post_tag","embeddable":true,"href":"https:\/\/www.judo-club-linden.de\/index.php?rest_route=%2Fwp%2Fv2%2Ftags&post=2104"}],"curies":[{"name":"wp","href":"https:\/\/api.w.org\/{rel}","templated":true}]}}